{"id":540,"date":"2021-11-17T11:48:49","date_gmt":"2021-11-17T18:48:49","guid":{"rendered":"https:\/\/lic.mat.uson.mx\/web\/?p=540"},"modified":"2021-11-18T08:49:01","modified_gmt":"2021-11-18T15:49:01","slug":"inicia-el-1er-taller-de-matematicas-aplicadas-e-industriales","status":"publish","type":"post","link":"https:\/\/lic.mat.uson.mx\/web\/index.php\/2021\/11\/17\/inicia-el-1er-taller-de-matematicas-aplicadas-e-industriales\/","title":{"rendered":"Inicia el 1er. Taller de Matem\u00e1ticas Aplicadas e Industriales"},"content":{"rendered":"<div><img loading=\"lazy\" decoding=\"async\" class=\"alignleft size-medium wp-image-541\" src=\"https:\/\/lic.mat.uson.mx\/web\/wp-content\/uploads\/tallermataplicadas-300x174.png\" alt=\"\" width=\"300\" height=\"174\" srcset=\"https:\/\/lic.mat.uson.mx\/web\/wp-content\/uploads\/tallermataplicadas-300x174.png 300w, https:\/\/lic.mat.uson.mx\/web\/wp-content\/uploads\/tallermataplicadas-150x87.png 150w, https:\/\/lic.mat.uson.mx\/web\/wp-content\/uploads\/tallermataplicadas.png 350w\" sizes=\"(max-width: 300px) 100vw, 300px\" \/>El d\u00eda de hoy iniciaron las actividades del 1er. Taller de Matem\u00e1ticas Aplicadas e Industriales organizado entre la Universidad de Sonora y la Universidad Aut\u00f3noma de Coahuila. En dicho taller estudiantes de ambas instituciones atacar\u00e1n diversos problemas de la industria tales como:<\/div>\n<div><\/div>\n<div>\n<ul>\n<li>Reducci\u00f3n dimensional y detecci\u00f3n de variables de impacto en un proceso de inyecci\u00f3n de pl\u00e1stico.<\/li>\n<li>Optimizaci\u00f3n de los procesos de manejo y control de calidad de los datos meteorol\u00f3gicos que se generan en la REMAS.<\/li>\n<li>Reducci\u00f3n de tiempo de prueba de hermeticidad en pieza de motor de tractor.<\/li>\n<li>Pron\u00f3stico de la demanda m\u00ednima, m\u00e1xima de tarde y m\u00e1xima de noche mensual, de la demanda de energ\u00eda en el noroeste del pa\u00eds.<\/li>\n<li>Modelo para la predicci\u00f3n de la cantidad de material de aporte en un proceso de soladura GTAW a trav\u00e9s de un sistema de inferencia difuso.<\/li>\n<li>Consolidaci\u00f3n de reportes de incumplimiento de tiempos oficiales.<\/li>\n<\/ul>\n<\/div>\n<div>El evento se realiza de manera virtual del 17 al 19 de noviembre de 2021.<\/div>\n<div><\/div>\n<div>En la inauguraci\u00f3n del evento estuvieron presentes:<\/div>\n<div>Dr. Rodrigo Melendrez Amavizca, Director de Divisi\u00f3n de la DCEN (Universidad de Sonora), Dr. Juan Pablo Soto Barrera, Jefe del Departamento de Matem\u00e1ticas (Universidad de Sonora), Dra. Irma Delia Garc\u00eda Calvillo (Universidad Aut\u00f3noma de Coahuila), Dr. Gerardo Hern\u00e1ndez Due\u00f1as, Presidente Mex-SIAM.<\/div>\n<div><\/div>\n<div>Para mayor informaci\u00f3n, consulta la p\u00e1gina del evento:<\/div>\n<div><a id=\"LPlnk170121\" href=\"http:\/\/www.turing.cima.uadec.mx\/1erTaller-de-Matematicas-Aplicadas-e-Industriales\/\" target=\"_blank\" rel=\"noopener noreferrer\" data-auth=\"NotApplicable\" data-linkindex=\"0\">http:\/\/www.turing.cima.uadec.mx\/1erTaller-de-Matematicas-Aplicadas-e-Industriales\/<\/a><\/div>\n","protected":false},"excerpt":{"rendered":"El d\u00eda de hoy iniciaron las actividades del 1er. Taller de Matem\u00e1ticas Aplicadas e Industriales organizado entre la Universidad de Sonora y la \n<a class=\"moretag\" href=\"https:\/\/lic.mat.uson.mx\/web\/index.php\/2021\/11\/17\/inicia-el-1er-taller-de-matematicas-aplicadas-e-industriales\/\"> [...]<\/a>","protected":false},"author":1,"featured_media":0,"comment_status":"closed","ping_status":"closed","sticky":false,"template":"","format":"standard","meta":{"footnotes":"","_links_to":"","_links_to_target":""},"categories":[3],"tags":[],"_links":{"self":[{"href":"https:\/\/lic.mat.uson.mx\/web\/index.php\/wp-json\/wp\/v2\/posts\/540"}],"collection":[{"href":"https:\/\/lic.mat.uson.mx\/web\/index.php\/wp-json\/wp\/v2\/posts"}],"about":[{"href":"https:\/\/lic.mat.uson.mx\/web\/index.php\/wp-json\/wp\/v2\/types\/post"}],"author":[{"embeddable":true,"href":"https:\/\/lic.mat.uson.mx\/web\/index.php\/wp-json\/wp\/v2\/users\/1"}],"replies":[{"embeddable":true,"href":"https:\/\/lic.mat.uson.mx\/web\/index.php\/wp-json\/wp\/v2\/comments?post=540"}],"version-history":[{"count":1,"href":"https:\/\/lic.mat.uson.mx\/web\/index.php\/wp-json\/wp\/v2\/posts\/540\/revisions"}],"predecessor-version":[{"id":542,"href":"https:\/\/lic.mat.uson.mx\/web\/index.php\/wp-json\/wp\/v2\/posts\/540\/revisions\/542"}],"wp:attachment":[{"href":"https:\/\/lic.mat.uson.mx\/web\/index.php\/wp-json\/wp\/v2\/media?parent=540"}],"wp:term":[{"taxonomy":"category","embeddable":true,"href":"https:\/\/lic.mat.uson.mx\/web\/index.php\/wp-json\/wp\/v2\/categories?post=540"},{"taxonomy":"post_tag","embeddable":true,"href":"https:\/\/lic.mat.uson.mx\/web\/index.php\/wp-json\/wp\/v2\/tags?post=540"}],"curies":[{"name":"wp","href":"https:\/\/api.w.org\/{rel}","templated":true}]}}