{"id":858,"date":"2023-04-27T10:27:16","date_gmt":"2023-04-27T17:27:16","guid":{"rendered":"https:\/\/lic.mat.uson.mx\/web\/?p=858"},"modified":"2023-04-27T10:27:46","modified_gmt":"2023-04-27T17:27:46","slug":"ceremonia-de-entrega-de-reconocimientos-a-profesores-jubilados-del-departamento-de-matematicas","status":"publish","type":"post","link":"https:\/\/lic.mat.uson.mx\/web\/index.php\/2023\/04\/27\/ceremonia-de-entrega-de-reconocimientos-a-profesores-jubilados-del-departamento-de-matematicas\/","title":{"rendered":"Ceremonia de entrega de reconocimientos a profesores jubilados del Departamento de Matem\u00e1ticas"},"content":{"rendered":"<p class=\"x_p1 x_ContentPasted1\"><img loading=\"lazy\" decoding=\"async\" class=\"size-large wp-image-859 aligncenter\" src=\"https:\/\/lic.mat.uson.mx\/web\/wp-content\/uploads\/444092-1024x611.jpeg\" alt=\"\" width=\"747\" height=\"446\" srcset=\"https:\/\/lic.mat.uson.mx\/web\/wp-content\/uploads\/444092-1024x611.jpeg 1024w, https:\/\/lic.mat.uson.mx\/web\/wp-content\/uploads\/444092-300x179.jpeg 300w, https:\/\/lic.mat.uson.mx\/web\/wp-content\/uploads\/444092-150x89.jpeg 150w, https:\/\/lic.mat.uson.mx\/web\/wp-content\/uploads\/444092-768x458.jpeg 768w, https:\/\/lic.mat.uson.mx\/web\/wp-content\/uploads\/444092-1536x916.jpeg 1536w, https:\/\/lic.mat.uson.mx\/web\/wp-content\/uploads\/444092.jpeg 1600w\" sizes=\"(max-width: 747px) 100vw, 747px\" \/><\/p>\n<p class=\"x_p1 x_ContentPasted1\">En presencia de docentes, estudiantes y familiares que se dieron cita en el Auditorio del Departamento de Matem\u00e1ticas para homenajear a los profesores jubilados del Departamento de Matem\u00e1ticas, Juan Pablo Soto Barrera (Jefe del Departamento) hizo un pase de lista de los profesores homenajeados por su jubilaci\u00f3n y comenz\u00f3 con la maestra Emma Patricia Tamayo Reyes, Josefina Torres Olivas, Mar\u00eda de Guadalupe Cota Ort\u00edz, Francisco Javier Tapia Moreno, Jos\u00e9 Luis D\u00edaz G\u00f3mez y Rafael Garc\u00eda Mart\u00ednez.<\/p>\n<p class=\"x_p1 x_ContentPasted1\">Este evento en donde se reconoce la labor de los profesores que obtienen su jubilaci\u00f3n se ha venido realizando desde hace cuatro a\u00f1os, con la finalidad de rendir un homenaje al trabajo incansable de los maestros por guiar a sus alumnos hacia el conocimiento, la creatividad y el desarrollo personal.<\/p>\n<p class=\"x_p1 x_ContentPasted1\">Soto Barrera, agradeci\u00f3 a los homenajeados por su trabajo como maestros en la Universidad de Sonora, ya que lo consider\u00f3 como esencial en la formaci\u00f3n de profesionistas l\u00edderes, innovadores y ciudadanos comprometidos con el desarrollo del estado y el pa\u00eds.<\/p>\n","protected":false},"excerpt":{"rendered":"En presencia de docentes, estudiantes y familiares que se dieron cita en el Auditorio del Departamento de Matem\u00e1ticas para homenajear a los profesores \n<a class=\"moretag\" href=\"https:\/\/lic.mat.uson.mx\/web\/index.php\/2023\/04\/27\/ceremonia-de-entrega-de-reconocimientos-a-profesores-jubilados-del-departamento-de-matematicas\/\"> [...]<\/a>","protected":false},"author":1,"featured_media":0,"comment_status":"closed","ping_status":"closed","sticky":false,"template":"","format":"standard","meta":{"footnotes":"","_links_to":"","_links_to_target":""},"categories":[3],"tags":[],"_links":{"self":[{"href":"https:\/\/lic.mat.uson.mx\/web\/index.php\/wp-json\/wp\/v2\/posts\/858"}],"collection":[{"href":"https:\/\/lic.mat.uson.mx\/web\/index.php\/wp-json\/wp\/v2\/posts"}],"about":[{"href":"https:\/\/lic.mat.uson.mx\/web\/index.php\/wp-json\/wp\/v2\/types\/post"}],"author":[{"embeddable":true,"href":"https:\/\/lic.mat.uson.mx\/web\/index.php\/wp-json\/wp\/v2\/users\/1"}],"replies":[{"embeddable":true,"href":"https:\/\/lic.mat.uson.mx\/web\/index.php\/wp-json\/wp\/v2\/comments?post=858"}],"version-history":[{"count":3,"href":"https:\/\/lic.mat.uson.mx\/web\/index.php\/wp-json\/wp\/v2\/posts\/858\/revisions"}],"predecessor-version":[{"id":862,"href":"https:\/\/lic.mat.uson.mx\/web\/index.php\/wp-json\/wp\/v2\/posts\/858\/revisions\/862"}],"wp:attachment":[{"href":"https:\/\/lic.mat.uson.mx\/web\/index.php\/wp-json\/wp\/v2\/media?parent=858"}],"wp:term":[{"taxonomy":"category","embeddable":true,"href":"https:\/\/lic.mat.uson.mx\/web\/index.php\/wp-json\/wp\/v2\/categories?post=858"},{"taxonomy":"post_tag","embeddable":true,"href":"https:\/\/lic.mat.uson.mx\/web\/index.php\/wp-json\/wp\/v2\/tags?post=858"}],"curies":[{"name":"wp","href":"https:\/\/api.w.org\/{rel}","templated":true}]}}